{"id":6542,"date":"2026-04-27T15:35:11","date_gmt":"2026-04-27T13:35:11","guid":{"rendered":"https:\/\/www.1618-paris.com\/Le-Journal\/?p=6542"},"modified":"2026-04-27T15:51:10","modified_gmt":"2026-04-27T13:51:10","slug":"ecologicstudio-larchitecture-vivante","status":"publish","type":"post","link":"https:\/\/www.1618-paris.com\/Le-Journal\/ecologicstudio-larchitecture-vivante\/","title":{"rendered":"EcoLogicStudio : l&rsquo;architecture vivante"},"content":{"rendered":"\n<blockquote class=\"wp-block-quote\"><p>Dans un ancien complexe industriel de Turin, Claudia Pasquero et Marco Poletto ont install\u00e9 quelque chose d&rsquo;aussi beau qu&rsquo;\u00e9trange.<\/p><\/blockquote>\n\n\n\n<p>Au centre de l&rsquo;espace, un jardin d&rsquo;algues. Elles absorbent le CO2, produisent de l&rsquo;oxyg\u00e8ne, des prot\u00e9ines. On les r\u00e9colte, on les cuisine, on les transforme en mati\u00e8re pour fabriquer les objets du lieu. L&rsquo;appartement se nourrit de lui-m\u00eame<\/p>\n\n\n\n<p>Sur le balcon, des plantes grimpantes remplacent la climatisation. Dans la salle principale, une table se reconfigure selon les usages : repas de famille le soir, exp\u00e9rience de laboratoire le lendemain. Une galerie expose des \u0153uvres issues de leurs recherches, certaines entr\u00e9es dans les collections du Centre Pompidou. Une chambre d&rsquo;h\u00f4tes est nich\u00e9e dans une structure de bois, avec lits sur\u00e9lev\u00e9s et alc\u00f4ve de lecture sur la ville.<\/p>\n\n\n\n<p>Le b\u00e2timent lui-m\u00eame a une histoire. Dans les ann\u00e9es 70, il fut l&rsquo;un des berceaux du mouvement Arte Povera. Aujourd&rsquo;hui, il abrite une autre forme de radicalit\u00e9, plus silencieuse : la conviction que nos espaces de vie peuvent \u00eatre des organismes \u00e0 part enti\u00e8re, capables de produire, de filtrer, de r\u00e9g\u00e9n\u00e9rer.<\/p>\n\n\n\n<p>Pas d&rsquo;utopie. Une d\u00e9monstration tranquille que le vivant peut \u00eatre architecture, et l&rsquo;architecture, vivante.<\/p>\n\n\n\n<p>En savoir plus sur <a href=\"https:\/\/www.ecologicstudio.com\/\" data-type=\"URL\" data-id=\"https:\/\/www.ecologicstudio.com\/\" target=\"_blank\" rel=\"noreferrer noopener\">EcoLogicStudio<\/a><\/p>\n\n\n\n<figure class=\"wp-block-gallery has-nested-images columns-default is-cropped\">\n<figure class=\"wp-block-image size-large\"><img width=\"954\" height=\"609\" data-id=\"6548\"  src=\"https:\/\/www.1618-paris.com\/Le-Journal\/wp-content\/uploads\/2026\/04\/ddf1a46a-ace4-4258-95c1-24be02ecc425.jpg\" alt=\"\" class=\"wp-image-6548\" srcset=\"https:\/\/www.1618-paris.com\/Le-Journal\/wp-content\/uploads\/2026\/04\/ddf1a46a-ace4-4258-95c1-24be02ecc425.jpg 954w, https:\/\/www.1618-paris.com\/Le-Journal\/wp-content\/uploads\/2026\/04\/ddf1a46a-ace4-4258-95c1-24be02ecc425-300x192.jpg 300w, https:\/\/www.1618-paris.com\/Le-Journal\/wp-content\/uploads\/2026\/04\/ddf1a46a-ace4-4258-95c1-24be02ecc425-883x564.jpg 883w, https:\/\/www.1618-paris.com\/Le-Journal\/wp-content\/uploads\/2026\/04\/ddf1a46a-ace4-4258-95c1-24be02ecc425-472x301.jpg 472w, https:\/\/www.1618-paris.com\/Le-Journal\/wp-content\/uploads\/2026\/04\/ddf1a46a-ace4-4258-95c1-24be02ecc425-949x606.jpg 949w\" sizes=\"(max-width: 954px) 100vw, 954px\" \/><\/figure>\n<figcaption class=\"blocks-gallery-caption\">\u00a9 Pepe Fotografia<\/figcaption><\/figure>\n","protected":false},"excerpt":{"rendered":"<p>Dans un ancien complexe industriel de Turin, Claudia Pasquero et Marco Poletto ont install\u00e9 quelque chose d&rsquo;aussi beau qu&rsquo;\u00e9trange. Au centre de l&rsquo;espace, un jardin d&rsquo;algues. Elles absorbent le CO2, produisent de l&rsquo;oxyg\u00e8ne, des prot\u00e9ines. On les r\u00e9colte, on les cuisine, on les transforme en mati\u00e8re pour fabriquer les objets du lieu. L&rsquo;appartement se nourrit de lui-m\u00eame Sur le balcon, des plantes grimpantes remplacent la climatisation. Dans la salle principale, une table se reconfigure selon les usages : repas de [&hellip;]<\/p>\n","protected":false},"author":2,"featured_media":6550,"comment_status":"open","ping_status":"open","sticky":false,"template":"","format":"standard","meta":[],"categories":[27,35],"tags":[],"_links":{"self":[{"href":"https:\/\/www.1618-paris.com\/Le-Journal\/wp-json\/wp\/v2\/posts\/6542"}],"collection":[{"href":"https:\/\/www.1618-paris.com\/Le-Journal\/wp-json\/wp\/v2\/posts"}],"about":[{"href":"https:\/\/www.1618-paris.com\/Le-Journal\/wp-json\/wp\/v2\/types\/post"}],"author":[{"embeddable":true,"href":"https:\/\/www.1618-paris.com\/Le-Journal\/wp-json\/wp\/v2\/users\/2"}],"replies":[{"embeddable":true,"href":"https:\/\/www.1618-paris.com\/Le-Journal\/wp-json\/wp\/v2\/comments?post=6542"}],"version-history":[{"count":2,"href":"https:\/\/www.1618-paris.com\/Le-Journal\/wp-json\/wp\/v2\/posts\/6542\/revisions"}],"predecessor-version":[{"id":6554,"href":"https:\/\/www.1618-paris.com\/Le-Journal\/wp-json\/wp\/v2\/posts\/6542\/revisions\/6554"}],"wp:featuredmedia":[{"embeddable":true,"href":"https:\/\/www.1618-paris.com\/Le-Journal\/wp-json\/wp\/v2\/media\/6550"}],"wp:attachment":[{"href":"https:\/\/www.1618-paris.com\/Le-Journal\/wp-json\/wp\/v2\/media?parent=6542"}],"wp:term":[{"taxonomy":"category","embeddable":true,"href":"https:\/\/www.1618-paris.com\/Le-Journal\/wp-json\/wp\/v2\/categories?post=6542"},{"taxonomy":"post_tag","embeddable":true,"href":"https:\/\/www.1618-paris.com\/Le-Journal\/wp-json\/wp\/v2\/tags?post=6542"}],"curies":[{"name":"wp","href":"https:\/\/api.w.org\/{rel}","templated":true}]}}